{"id":426,"date":"2026-09-01T09:34:32","date_gmt":"2026-09-01T12:34:32","guid":{"rendered":"https:\/\/www.centraldemetais.com.br\/blog\/?p=426"},"modified":"2026-09-01T09:34:35","modified_gmt":"2026-09-01T12:34:35","slug":"onde-comprar-chapa-de-aluminio-em-sao-paulo-com-corte-sob-medida-conheca-a-central-de-metais","status":"publish","type":"post","link":"https:\/\/www.centraldemetais.com.br\/blog\/onde-comprar-chapa-de-aluminio-em-sao-paulo-com-corte-sob-medida-conheca-a-central-de-metais\/","title":{"rendered":"Onde comprar chapa de alum\u00ednio em S\u00e3o Paulo com corte sob medida? Conhe\u00e7a a Central de Metais"},"content":{"rendered":"<span class=\"span-reading-time rt-reading-time\" style=\"display: block;\"><span class=\"rt-label rt-prefix\">Tempo de leitura: <\/span> <span class=\"rt-time\"> 5<\/span> <span class=\"rt-label rt-postfix\">minutos<\/span><\/span>\n<p class=\"has-medium-font-size\"><strong><em>Encontre chapa de alum\u00ednio em S\u00e3o Paulo com corte sob medida na Central de Metais. Consulte medidas, atendimento e op\u00e7\u00f5es para seu projeto<\/em><\/strong><\/p>\n\n\n\n<p>Quem procura <strong><a href=\"https:\/\/centraldemetais.com.br\/aluminio\">chapa de alum\u00ednio em S\u00e3o Paulo<\/a><\/strong> normalmente precisa <strong>analisar<\/strong> <strong>mais do que disponibilidade<\/strong>. <strong>Espessura, dimens\u00e3o, quantidade e aplica\u00e7\u00e3o<\/strong> influenciam diretamente na compra e no aproveitamento do material.<\/p>\n\n\n\n<p>Tamb\u00e9m faz diferen\u00e7a encontrar um <strong>fornecedor que trabalhe com diferentes formatos e ofere\u00e7a<\/strong> <strong>corte de chapa de alum\u00ednio<\/strong> conforme a necessidade. Isso pode <strong>reduzir desperd\u00edcios, etapas posteriores de processamento e dificuldades<\/strong> na prepara\u00e7\u00e3o da pe\u00e7a.<\/p>\n\n\n\n<p><strong>A Central de Metais atua desde 1946<\/strong> na comercializa\u00e7\u00e3o de <strong>metais n\u00e3o ferrosos<\/strong> e atende clientes com diferentes volumes de compra. Entre seus servi\u00e7os est\u00e1 o <strong>corte de metais conforme a medida solicitada pelo cliente<\/strong>.<\/p>\n\n\n\n<p><a href=\"https:\/\/www.centraldemetais.com.br\/blog\/guia-pratico-para-comprar-lingotes-sem-erro\/\">Guia pr\u00e1tico para comprar lingotes sem erro<\/a><\/p>\n\n\n\n<div id=\"ez-toc-container\" class=\"ez-toc-v2_0_86 counter-hierarchy ez-toc-counter ez-toc-grey ez-toc-container-direction\">\n<div class=\"ez-toc-title-container\">\n<p class=\"ez-toc-title\" style=\"cursor:inherit\">T\u00f3picos do artigo<\/p>\n<span class=\"ez-toc-title-toggle\"><a href=\"#\" class=\"ez-toc-pull-right ez-toc-btn ez-toc-btn-xs ez-toc-btn-default ez-toc-toggle\" aria-label=\"Alternar tabela de conte\u00fado\"><span class=\"ez-toc-js-icon-con\"><span class=\"\"><span class=\"eztoc-hide\" style=\"display:none;\">Toggle<\/span><span class=\"ez-toc-icon-toggle-span\"><svg style=\"fill: #999;color:#999\" xmlns=\"http:\/\/www.w3.org\/2000\/svg\" class=\"list-377408\" width=\"20px\" height=\"20px\" viewBox=\"0 0 24 24\" fill=\"none\"><path d=\"M6 6H4v2h2V6zm14 0H8v2h12V6zM4 11h2v2H4v-2zm16 0H8v2h12v-2zM4 16h2v2H4v-2zm16 0H8v2h12v-2z\" fill=\"currentColor\"><\/path><\/svg><svg style=\"fill: #999;color:#999\" class=\"arrow-unsorted-368013\" xmlns=\"http:\/\/www.w3.org\/2000\/svg\" width=\"10px\" height=\"10px\" viewBox=\"0 0 24 24\" version=\"1.2\" baseProfile=\"tiny\"><path d=\"M18.2 9.3l-6.2-6.3-6.2 6.3c-.2.2-.3.4-.3.7s.1.5.3.7c.2.2.4.3.7.3h11c.3 0 .5-.1.7-.3.2-.2.3-.5.3-.7s-.1-.5-.3-.7zM5.8 14.7l6.2 6.3 6.2-6.3c.2-.2.3-.5.3-.7s-.1-.5-.3-.7c-.2-.2-.4-.3-.7-.3h-11c-.3 0-.5.1-.7.3-.2.2-.3.5-.3.7s.1.5.3.7z\"\/><\/svg><\/span><\/span><\/span><\/a><\/span><\/div>\n<nav><ul class='ez-toc-list ez-toc-list-level-1 ' ><li class='ez-toc-page-1 ez-toc-heading-level-2'><a class=\"ez-toc-link ez-toc-heading-1\" href=\"https:\/\/www.centraldemetais.com.br\/blog\/onde-comprar-chapa-de-aluminio-em-sao-paulo-com-corte-sob-medida-conheca-a-central-de-metais\/#O_que_avaliar_antes_de_comprar_chapa_de_aluminio_em_Sao_Paulo\" >O que avaliar antes de comprar chapa de alum\u00ednio em S\u00e3o Paulo?<\/a><\/li><li class='ez-toc-page-1 ez-toc-heading-level-2'><a class=\"ez-toc-link ez-toc-heading-2\" href=\"https:\/\/www.centraldemetais.com.br\/blog\/onde-comprar-chapa-de-aluminio-em-sao-paulo-com-corte-sob-medida-conheca-a-central-de-metais\/#Por_que_comprar_chapa_de_aluminio_com_corte_sob_medida\" >Por que comprar chapa de alum\u00ednio com corte sob medida?<\/a><\/li><li class='ez-toc-page-1 ez-toc-heading-level-2'><a class=\"ez-toc-link ez-toc-heading-3\" href=\"https:\/\/www.centraldemetais.com.br\/blog\/onde-comprar-chapa-de-aluminio-em-sao-paulo-com-corte-sob-medida-conheca-a-central-de-metais\/#Quais_erros_evitar_ao_comprar_chapa_de_aluminio\" >Quais erros evitar ao comprar chapa de alum\u00ednio?<\/a><\/li><li class='ez-toc-page-1 ez-toc-heading-level-2'><a class=\"ez-toc-link ez-toc-heading-4\" href=\"https:\/\/www.centraldemetais.com.br\/blog\/onde-comprar-chapa-de-aluminio-em-sao-paulo-com-corte-sob-medida-conheca-a-central-de-metais\/#Onde_comprar_chapa_de_aluminio_em_Sao_Paulo\" >Onde comprar chapa de alum\u00ednio em S\u00e3o Paulo?<\/a><\/li><li class='ez-toc-page-1 ez-toc-heading-level-2'><a class=\"ez-toc-link ez-toc-heading-5\" href=\"https:\/\/www.centraldemetais.com.br\/blog\/onde-comprar-chapa-de-aluminio-em-sao-paulo-com-corte-sob-medida-conheca-a-central-de-metais\/#Conheca_a_Central_de_Metais\" >Conhe\u00e7a a Central de Metais<\/a><\/li><\/ul><\/nav><\/div>\n<h2 class=\"wp-block-heading\"><span class=\"ez-toc-section\" id=\"O_que_avaliar_antes_de_comprar_chapa_de_aluminio_em_Sao_Paulo\"><\/span><strong>O que avaliar antes de comprar chapa de alum\u00ednio em S\u00e3o Paulo?<\/strong><span class=\"ez-toc-section-end\"><\/span><\/h2>\n\n\n\n<p><strong>Antes de solicitar or\u00e7amento, vale reunir algumas informa\u00e7\u00f5es sobre o projeto. <\/strong>Quanto mais claras forem as necessidades, mais f\u00e1cil se torna avaliar a melhor forma de comprar a <strong>chapa de alum\u00ednio<\/strong>.<\/p>\n\n\n\n<p><strong>A espessura \u00e9 um dos primeiros pontos,<\/strong> ela deve estar relacionada ao uso previsto, assim como as dimens\u00f5es necess\u00e1rias para <strong>fabrica\u00e7\u00e3o, manuten\u00e7\u00e3o, acabamento ou montagem.<\/strong><\/p>\n\n\n\n<p>Tamb\u00e9m \u00e9 importante considerar como o <strong>material ser\u00e1 recebido e utilizado.<\/strong> Dependendo da demanda, adquirir uma <strong>chapa de alum\u00ednio cortada<\/strong> pode ser mais pr\u00e1tico do que comprar uma pe\u00e7a maior e realizar o processamento internamente.<\/p>\n\n\n\n<p>Antes da compra, verifique:<\/p>\n\n\n\n<ul class=\"wp-block-list\">\n<li><strong>Espessura:<\/strong> deve estar de acordo com as exig\u00eancias do projeto;<\/li>\n\n\n\n<li><strong>Medidas:<\/strong> comprimento e largura necess\u00e1rios para cada aplica\u00e7\u00e3o;<\/li>\n\n\n\n<li><strong>Quantidade:<\/strong> volume real de material que ser\u00e1 utilizado;<\/li>\n\n\n\n<li><strong>Aplica\u00e7\u00e3o:<\/strong> ind\u00fastria, serralheria, manuten\u00e7\u00e3o, fabrica\u00e7\u00e3o ou acabamento;<\/li>\n\n\n\n<li><strong>Necessidade de corte:<\/strong> avalie se o material deve chegar pronto nas dimens\u00f5es desejadas;<\/li>\n\n\n\n<li><strong>Log\u00edstica:<\/strong> considere retirada, entrega e transporte;<\/li>\n\n\n\n<li><strong>Disponibilidade:<\/strong> confirme formatos e op\u00e7\u00f5es dispon\u00edveis antes de fechar o pedido.<\/li>\n<\/ul>\n\n\n\n<h2 class=\"wp-block-heading\"><span class=\"ez-toc-section\" id=\"Por_que_comprar_chapa_de_aluminio_com_corte_sob_medida\"><\/span><strong>Por que comprar chapa de alum\u00ednio com corte sob medida?<\/strong><span class=\"ez-toc-section-end\"><\/span><\/h2>\n\n\n\n<p><strong>O corte sob medida pode tornar a compra mais eficiente,<\/strong> principalmente quando o j\u00e1 se conhece as dimens\u00f5es necess\u00e1rias para executar o servi\u00e7o. Ao adquirir uma <strong>chapa de alum\u00ednio sob medida<\/strong>, \u00e9 poss\u00edvel diminuir a <strong>quantidade de material excedente<\/strong>.&nbsp;<\/p>\n\n\n\n<p>Isso pode ser especialmente interessante em <strong>projetos pontuais ou na produ\u00e7\u00e3o de pe\u00e7as com dimens\u00f5es previamente definidas.<\/strong><\/p>\n\n\n\n<p><strong>Outra vantagem est\u00e1 no processamento,<\/strong> quando a chapa j\u00e1 \u00e9 fornecida nas dimens\u00f5es solicitadas, parte do <strong>trabalho de prepara\u00e7\u00e3o pode ser reduzida,<\/strong> o que facilita a rotina de <strong>oficinas, serralherias, equipes de manuten\u00e7\u00e3o e empresas industriais.<\/strong><\/p>\n\n\n\n<p>A compra tamb\u00e9m tende a ficar <strong>mais adequada ao consumo real<\/strong>, em vez de adquirir um volume muito superior ao necess\u00e1rio, o cliente pode solicitar o corte de acordo com sua necessidade.<\/p>\n\n\n\n<p><strong>Na Central de Metais,<\/strong> <strong>n\u00e3o h\u00e1 exig\u00eancia de compra m\u00ednima para a realiza\u00e7\u00e3o do corte de metais n\u00e3o ferrosos<\/strong>. Isso permite atender desde demandas pequenas at\u00e9 pedidos de maior volume.<\/p>\n\n\n\n<p><a href=\"https:\/\/www.centraldemetais.com.br\/blog\/tarugo-de-bronze-tm-23-o-que-e-beneficios-e-onde-comprar\/\">Tarugo de bronze TM 23: o que \u00e9, benef\u00edcios e onde comprar<\/a><\/p>\n\n\n\n<h2 class=\"wp-block-heading\"><span class=\"ez-toc-section\" id=\"Quais_erros_evitar_ao_comprar_chapa_de_aluminio\"><\/span><strong>Quais erros evitar ao comprar chapa de alum\u00ednio?<\/strong><span class=\"ez-toc-section-end\"><\/span><\/h2>\n\n\n\n<p><strong>Medidas imprecisas, falta de planejamento ou avalia\u00e7\u00e3o baseada somente em pre\u00e7o podem gerar desperd\u00edcios e retrabalho. <\/strong>Para quem pretende <strong>comprar chapa de alum\u00ednio em S\u00e3o Paulo<\/strong>, vale organizar as informa\u00e7\u00f5es do pedido e considerar como o material ser\u00e1 utilizado ap\u00f3s a entrega.<\/p>\n\n\n\n<p>Entre os erros mais comuns est\u00e3o:<\/p>\n\n\n\n<ul class=\"wp-block-list\">\n<li><strong>Escolher somente pelo menor pre\u00e7o:<\/strong> o valor precisa ser analisado junto com atendimento, corte e adequa\u00e7\u00e3o do material;<\/li>\n\n\n\n<li><strong>Comprar sem definir as medidas:<\/strong> dimens\u00f5es incorretas podem aumentar desperd\u00edcios;<\/li>\n\n\n\n<li><strong>Ignorar a espessura necess\u00e1ria:<\/strong> esse dado precisa estar relacionado \u00e0 aplica\u00e7\u00e3o;<\/li>\n\n\n\n<li><strong>Comprar quantidade muito acima da demanda:<\/strong> principalmente quando existe possibilidade de corte sob medida;<\/li>\n\n\n\n<li><strong>N\u00e3o avaliar o corte antes da compra:<\/strong> isso pode gerar uma etapa adicional de processamento;<\/li>\n\n\n\n<li><strong>Deixar transporte e prazo para depois:<\/strong> retirada e entrega precisam fazer parte do planejamento;<\/li>\n\n\n\n<li><strong>N\u00e3o verificar o fornecedor:<\/strong> experi\u00eancia, variedade de materiais e capacidade de atendimento tamb\u00e9m devem ser consideradas.<\/li>\n<\/ul>\n\n\n\n<h2 class=\"wp-block-heading\"><span class=\"ez-toc-section\" id=\"Onde_comprar_chapa_de_aluminio_em_Sao_Paulo\"><\/span><strong>Onde comprar chapa de alum\u00ednio em S\u00e3o Paulo?<\/strong><span class=\"ez-toc-section-end\"><\/span><\/h2>\n\n\n\n<p>Quem busca <strong>chapa de alum\u00ednio em S\u00e3o Paulo<\/strong> pode considerar <strong>localiza\u00e7\u00e3o, atendimento, disponibilidade de materiais, possibilidades de corte e log\u00edstica <\/strong>antes de escolher o fornecedor.<\/p>\n\n\n\n<p><strong>A Central de Metais est\u00e1 localizada na Rua do Lavap\u00e9s, no Cambuci, em S\u00e3o Paulo, endere\u00e7o onde mant\u00e9m suas opera\u00e7\u00f5es desde o in\u00edcio de suas atividades. <\/strong>A empresa comercializa <strong>alum\u00ednio e outros<\/strong> <strong>metais n\u00e3o ferrosos<\/strong>, como <strong>cobre, lat\u00e3o, bronze, chumbo e alpaca, em diferentes formatos, medidas, comprimentos e espessuras.<\/strong><\/p>\n\n\n\n<p>Um dos diferenciais est\u00e1 no <strong>atendimento a demandas variadas<\/strong>. O cliente pode solicitar o <strong>corte de metais<\/strong> de acordo com a necessidade do projeto, inclusive em pedidos de pequenas quantidades.<\/p>\n\n\n\n<p><strong>As compras podem ser realizadas presencialmente, por WhatsApp ou telefone.<\/strong> Para quem prefere retirar o material diretamente no local, a <strong>Central de Metais<\/strong> oferece <strong>estacionamento gratuito no pr\u00f3prio estabelecimento<\/strong>.<\/p>\n\n\n\n<p>Tamb\u00e9m realizamos <strong>entregas na Grande S\u00e3o Paulo<\/strong>, o que facilita o atendimento de <strong>ind\u00fastrias, oficinas, serralherias, prestadores de servi\u00e7o e outros neg\u00f3cios localizados na regi\u00e3o.<\/strong><\/p>\n\n\n\n<p><a href=\"https:\/\/www.centraldemetais.com.br\/blog\/onde-aplicar-cantoneiras-de-aluminio-em-obras-e-reformas\/\">Onde aplicar cantoneiras de alum\u00ednio em obras e reformas?<\/a><\/p>\n\n\n\n<h2 class=\"wp-block-heading\"><span class=\"ez-toc-section\" id=\"Conheca_a_Central_de_Metais\"><\/span><strong>Conhe\u00e7a a Central de Metais<\/strong><span class=\"ez-toc-section-end\"><\/span><\/h2>\n\n\n\n<p><strong>A Central de Metais atua desde 1946 e construiu sua trajet\u00f3ria trabalhando com a comercializa\u00e7\u00e3o de alum\u00ednio, cobre, lat\u00e3o, bronze, chumbo, alpaca e outras ligas. <\/strong>Ao longo desse per\u00edodo, a empresa passou a atender <strong>diferentes perfis de clientes,<\/strong> desde <strong>profissionais que precisam de pequenas quantidades at\u00e9 ind\u00fastrias e empresas<\/strong> com demandas recorrentes.<\/p>\n\n\n\n<p>O atendimento busca considerar as <strong>caracter\u00edsticas de cada pedido.<\/strong> Por isso, o cliente <strong>pode informar medidas, espessuras, quantidade e necessidade de corte antes de concluir a compra.<\/strong><\/p>\n\n\n\n<p>Um dos diferenciais comerciais \u00e9 justamente a possibilidade de <strong>comprar metais com corte conforme a necessidade, sem exig\u00eancia de quantidade m\u00ednima para o servi\u00e7o de corte<\/strong>. Isso amplia as possibilidades para quem precisa adquirir <strong>chapa de alum\u00ednio em S\u00e3o Paulo<\/strong> sem levar material muito acima do necess\u00e1rio para o projeto.<\/p>\n\n\n\n<p><strong>Al\u00e9m do atendimento presencial no Cambuci,<\/strong> a <strong>Central de Metais<\/strong> recebe pedidos por <strong>WhatsApp e telefone<\/strong>, <strong>realiza entregas na Grande S\u00e3o Paulo<\/strong> e auxilia clientes de outras regi\u00f5es na defini\u00e7\u00e3o da log\u00edstica de transporte.<\/p>\n\n\n\n<p><strong>Precisa comprar chapa de alum\u00ednio em S\u00e3o Paulo com corte sob medida? <\/strong>Fale com a <strong>Central de Metais, <\/strong>informe a espessura, as dimens\u00f5es e a quantidade necess\u00e1ria e consulte as op\u00e7\u00f5es dispon\u00edveis para o seu projeto.<\/p>\n","protected":false},"excerpt":{"rendered":"<p><span class=\"span-reading-time rt-reading-time\" style=\"display: block;\"><span class=\"rt-label rt-prefix\">Tempo de leitura: <\/span> <span class=\"rt-time\"> 5<\/span> <span class=\"rt-label rt-postfix\">minutos<\/span><\/span>Encontre chapa de alum\u00ednio em S\u00e3o Paulo com corte sob medida na Central de Metais. Consulte medidas, atendimento e op\u00e7\u00f5es para seu projeto Quem procura chapa de alum\u00ednio em S\u00e3o Paulo normalmente precisa analisar mais do que disponibilidade. Espessura, dimens\u00e3o, quantidade e aplica\u00e7\u00e3o influenciam diretamente na compra e no aproveitamento do material. Tamb\u00e9m faz diferen\u00e7a &hellip; <\/p>\n","protected":false},"author":1,"featured_media":427,"comment_status":"open","ping_status":"open","sticky":false,"template":"","format":"standard","meta":{"footnotes":""},"categories":[747],"tags":[3933,2229,3917,418,749,3914,2275,2611,2608,1420,3923,3930,3926,3916,2583,2610,895,1034,3915,3924,3925,3918,2269,452,951,3920,3922,3931,3932,3927,3921,3928,3919,3929,1343],"class_list":["post-426","post","type-post","status-publish","format-standard","has-post-thumbnail","hentry","category-chapa-de-aluminio","tag-a-chapa-de-aluminio-pode-ser-entregue-ja-cortada","tag-aluminio-em-sao-paulo","tag-aluminio-sob-medida","tag-central-de-metais","tag-chapa-de-aluminio","tag-chapa-de-aluminio-cortada","tag-chapa-de-aluminio-em-sao-paulo","tag-chapa-de-aluminio-sob-medida","tag-chapa-de-aluminio-sp","tag-chapas-metalicas","tag-como-escolher-a-espessura-da-chapa-de-aluminio","tag-como-escolher-um-fornecedor-de-chapa-de-aluminio","tag-como-funciona-o-corte-de-chapa-de-aluminio","tag-comprar-aluminio-sp","tag-comprar-chapa-de-aluminio-em-sao-paulo","tag-corte-de-chapa-de-aluminio","tag-corte-de-metais","tag-corte-de-metais-sob-medida","tag-distribuidor-de-aluminio-em-sp","tag-e-possivel-comprar-chapa-de-aluminio-cortada","tag-e-possivel-comprar-pequenas-quantidades-de-aluminio","tag-fornecedor-de-aluminio-sao-paulo","tag-fornecedor-de-chapa-de-aluminio","tag-fornecedor-de-metais-nao-ferrosos","tag-metais-nao-ferrosos","tag-onde-comprar-chapa-de-aluminio-cortada-sob-medida","tag-onde-comprar-chapa-de-aluminio-em-sao-paulo","tag-onde-comprar-chapa-de-aluminio-no-cambuci","tag-onde-encontrar-distribuidor-de-aluminio-em-sao-paulo","tag-onde-encontrar-fornecedor-de-aluminio-em-sp","tag-quais-espessuras-de-chapa-de-aluminio-existem","tag-qual-chapa-de-aluminio-escolher-para-meu-projeto","tag-quanto-custa-uma-chapa-de-aluminio","tag-vale-a-pena-comprar-chapa-de-aluminio-sob-medida","tag-venda-de-aluminio","latest_post"],"yoast_head":"<!-- This site is optimized with the Yoast SEO plugin v26.4 - https:\/\/yoast.com\/wordpress\/plugins\/seo\/ -->\n<title>Onde comprar chapa de alum\u00ednio em S\u00e3o Paulo com corte sob medida? Conhe\u00e7a a Central de Metais - Blog | Central de Metais<\/title>\n<meta name=\"description\" content=\"Encontre chapa de alum\u00ednio em S\u00e3o Paulo com corte sob medida na Central de Metais. Consulte medidas, atendimento e op\u00e7\u00f5es para seu projeto\" \/>\n<meta name=\"robots\" content=\"index, follow, max-snippet:-1, max-image-preview:large, max-video-preview:-1\" \/>\n<link rel=\"canonical\" href=\"https:\/\/www.centraldemetais.com.br\/blog\/onde-comprar-chapa-de-aluminio-em-sao-paulo-com-corte-sob-medida-conheca-a-central-de-metais\/\" \/>\n<meta property=\"og:locale\" content=\"pt_BR\" \/>\n<meta property=\"og:type\" content=\"article\" \/>\n<meta property=\"og:title\" content=\"Onde comprar chapa de alum\u00ednio em S\u00e3o Paulo com corte sob medida? Conhe\u00e7a a Central de Metais - Blog | Central de Metais\" \/>\n<meta property=\"og:description\" content=\"Encontre chapa de alum\u00ednio em S\u00e3o Paulo com corte sob medida na Central de Metais. Consulte medidas, atendimento e op\u00e7\u00f5es para seu projeto\" \/>\n<meta property=\"og:url\" content=\"https:\/\/www.centraldemetais.com.br\/blog\/onde-comprar-chapa-de-aluminio-em-sao-paulo-com-corte-sob-medida-conheca-a-central-de-metais\/\" \/>\n<meta property=\"og:site_name\" content=\"Blog | Central de Metais\" \/>\n<meta property=\"article:published_time\" content=\"2026-09-01T12:34:32+00:00\" \/>\n<meta property=\"article:modified_time\" content=\"2026-09-01T12:34:35+00:00\" \/>\n<meta property=\"og:image\" content=\"https:\/\/www.centraldemetais.com.br\/blog\/wp-content\/uploads\/2026\/09\/ChatGPT-Image-1-de-set.-de-2026-09_33_08-1024x683.png\" \/>\n\t<meta property=\"og:image:width\" content=\"1024\" \/>\n\t<meta property=\"og:image:height\" content=\"683\" \/>\n\t<meta property=\"og:image:type\" content=\"image\/png\" \/>\n<meta name=\"author\" content=\"admin\" \/>\n<meta name=\"twitter:card\" content=\"summary_large_image\" \/>\n<meta name=\"twitter:label1\" content=\"Escrito por\" \/>\n\t<meta name=\"twitter:data1\" content=\"admin\" \/>\n\t<meta name=\"twitter:label2\" content=\"Est. tempo de leitura\" \/>\n\t<meta name=\"twitter:data2\" content=\"6 minutos\" \/>\n<script type=\"application\/ld+json\" class=\"yoast-schema-graph\">{\"@context\":\"https:\/\/schema.org\",\"@graph\":[{\"@type\":\"Article\",\"@id\":\"https:\/\/www.centraldemetais.com.br\/blog\/onde-comprar-chapa-de-aluminio-em-sao-paulo-com-corte-sob-medida-conheca-a-central-de-metais\/#article\",\"isPartOf\":{\"@id\":\"https:\/\/www.centraldemetais.com.br\/blog\/onde-comprar-chapa-de-aluminio-em-sao-paulo-com-corte-sob-medida-conheca-a-central-de-metais\/\"},\"author\":{\"name\":\"admin\",\"@id\":\"https:\/\/www.centraldemetais.com.br\/blog\/#\/schema\/person\/f0b7481d85434cd36da0ddae2e5bdc13\"},\"headline\":\"Onde comprar chapa de alum\u00ednio em S\u00e3o Paulo com corte sob medida? Conhe\u00e7a a Central de Metais\",\"datePublished\":\"2026-09-01T12:34:32+00:00\",\"dateModified\":\"2026-09-01T12:34:35+00:00\",\"mainEntityOfPage\":{\"@id\":\"https:\/\/www.centraldemetais.com.br\/blog\/onde-comprar-chapa-de-aluminio-em-sao-paulo-com-corte-sob-medida-conheca-a-central-de-metais\/\"},\"wordCount\":1149,\"commentCount\":0,\"publisher\":{\"@id\":\"https:\/\/www.centraldemetais.com.br\/blog\/#organization\"},\"image\":{\"@id\":\"https:\/\/www.centraldemetais.com.br\/blog\/onde-comprar-chapa-de-aluminio-em-sao-paulo-com-corte-sob-medida-conheca-a-central-de-metais\/#primaryimage\"},\"thumbnailUrl\":\"https:\/\/www.centraldemetais.com.br\/blog\/wp-content\/uploads\/2026\/09\/ChatGPT-Image-1-de-set.-de-2026-09_33_08.png\",\"keywords\":[\"A chapa de alum\u00ednio pode ser entregue j\u00e1 cortada?\",\"alum\u00ednio em s\u00e3o paulo\",\"alum\u00ednio sob medida\",\"Central de Metais\",\"chapa de alum\u00ednio\",\"chapa de alum\u00ednio cortada\",\"chapa de alum\u00ednio em s\u00e3o paulo\",\"chapa de alum\u00ednio sob medida\",\"chapa de alum\u00ednio SP\",\"chapas met\u00e1licas\",\"Como escolher a espessura da chapa de alum\u00ednio?\",\"Como escolher um fornecedor de chapa de alum\u00ednio?\",\"Como funciona o corte de chapa de alum\u00ednio?\",\"comprar alum\u00ednio SP\",\"comprar chapa de alum\u00ednio em s\u00e3o paulo\",\"corte de chapa de alum\u00ednio\",\"corte de metais\",\"corte de metais sob medida\",\"distribuidor de alum\u00ednio em SP\",\"\u00c9 poss\u00edvel comprar chapa de alum\u00ednio cortada?\",\"\u00c9 poss\u00edvel comprar pequenas quantidades de alum\u00ednio?\",\"fornecedor de alum\u00ednio S\u00e3o Paulo\",\"fornecedor de chapa de alum\u00ednio\",\"fornecedor de metais n\u00e3o ferrosos\",\"metais n\u00e3o ferrosos\",\"Onde comprar chapa de alum\u00ednio cortada sob medida?\",\"Onde comprar chapa de alum\u00ednio em S\u00e3o Paulo?\",\"Onde comprar chapa de alum\u00ednio no Cambuci?\",\"Onde encontrar distribuidor de alum\u00ednio em S\u00e3o Paulo?\",\"Onde encontrar fornecedor de alum\u00ednio em SP?\",\"Quais espessuras de chapa de alum\u00ednio existem?\",\"Qual chapa de alum\u00ednio escolher para meu projeto?\",\"Quanto custa uma chapa de alum\u00ednio?\",\"Vale a pena comprar chapa de alum\u00ednio sob medida?\",\"venda de alum\u00ednio\"],\"articleSection\":[\"Chapa de alum\u00ednio\"],\"inLanguage\":\"pt-BR\",\"potentialAction\":[{\"@type\":\"CommentAction\",\"name\":\"Comment\",\"target\":[\"https:\/\/www.centraldemetais.com.br\/blog\/onde-comprar-chapa-de-aluminio-em-sao-paulo-com-corte-sob-medida-conheca-a-central-de-metais\/#respond\"]}]},{\"@type\":\"WebPage\",\"@id\":\"https:\/\/www.centraldemetais.com.br\/blog\/onde-comprar-chapa-de-aluminio-em-sao-paulo-com-corte-sob-medida-conheca-a-central-de-metais\/\",\"url\":\"https:\/\/www.centraldemetais.com.br\/blog\/onde-comprar-chapa-de-aluminio-em-sao-paulo-com-corte-sob-medida-conheca-a-central-de-metais\/\",\"name\":\"Onde comprar chapa de alum\u00ednio em S\u00e3o Paulo com corte sob medida? Conhe\u00e7a a Central de Metais - Blog | Central de Metais\",\"isPartOf\":{\"@id\":\"https:\/\/www.centraldemetais.com.br\/blog\/#website\"},\"primaryImageOfPage\":{\"@id\":\"https:\/\/www.centraldemetais.com.br\/blog\/onde-comprar-chapa-de-aluminio-em-sao-paulo-com-corte-sob-medida-conheca-a-central-de-metais\/#primaryimage\"},\"image\":{\"@id\":\"https:\/\/www.centraldemetais.com.br\/blog\/onde-comprar-chapa-de-aluminio-em-sao-paulo-com-corte-sob-medida-conheca-a-central-de-metais\/#primaryimage\"},\"thumbnailUrl\":\"https:\/\/www.centraldemetais.com.br\/blog\/wp-content\/uploads\/2026\/09\/ChatGPT-Image-1-de-set.-de-2026-09_33_08.png\",\"datePublished\":\"2026-09-01T12:34:32+00:00\",\"dateModified\":\"2026-09-01T12:34:35+00:00\",\"description\":\"Encontre chapa de alum\u00ednio em S\u00e3o Paulo com corte sob medida na Central de Metais. Consulte medidas, atendimento e op\u00e7\u00f5es para seu projeto\",\"breadcrumb\":{\"@id\":\"https:\/\/www.centraldemetais.com.br\/blog\/onde-comprar-chapa-de-aluminio-em-sao-paulo-com-corte-sob-medida-conheca-a-central-de-metais\/#breadcrumb\"},\"inLanguage\":\"pt-BR\",\"potentialAction\":[{\"@type\":\"ReadAction\",\"target\":[\"https:\/\/www.centraldemetais.com.br\/blog\/onde-comprar-chapa-de-aluminio-em-sao-paulo-com-corte-sob-medida-conheca-a-central-de-metais\/\"]}]},{\"@type\":\"ImageObject\",\"inLanguage\":\"pt-BR\",\"@id\":\"https:\/\/www.centraldemetais.com.br\/blog\/onde-comprar-chapa-de-aluminio-em-sao-paulo-com-corte-sob-medida-conheca-a-central-de-metais\/#primaryimage\",\"url\":\"https:\/\/www.centraldemetais.com.br\/blog\/wp-content\/uploads\/2026\/09\/ChatGPT-Image-1-de-set.-de-2026-09_33_08.png\",\"contentUrl\":\"https:\/\/www.centraldemetais.com.br\/blog\/wp-content\/uploads\/2026\/09\/ChatGPT-Image-1-de-set.-de-2026-09_33_08.png\",\"width\":1536,\"height\":1024,\"caption\":\"Encontre chapa de alum\u00ednio em S\u00e3o Paulo com corte sob medida na Central de Metais. Consulte medidas, atendimento e op\u00e7\u00f5es para seu projeto\"},{\"@type\":\"BreadcrumbList\",\"@id\":\"https:\/\/www.centraldemetais.com.br\/blog\/onde-comprar-chapa-de-aluminio-em-sao-paulo-com-corte-sob-medida-conheca-a-central-de-metais\/#breadcrumb\",\"itemListElement\":[{\"@type\":\"ListItem\",\"position\":1,\"name\":\"In\u00edcio\",\"item\":\"https:\/\/www.centraldemetais.com.br\/blog\/\"},{\"@type\":\"ListItem\",\"position\":2,\"name\":\"Onde comprar chapa de alum\u00ednio em S\u00e3o Paulo com corte sob medida? Conhe\u00e7a a Central de Metais\"}]},{\"@type\":\"WebSite\",\"@id\":\"https:\/\/www.centraldemetais.com.br\/blog\/#website\",\"url\":\"https:\/\/www.centraldemetais.com.br\/blog\/\",\"name\":\"Blog | Central de Metais\",\"description\":\"Central de Metais\",\"publisher\":{\"@id\":\"https:\/\/www.centraldemetais.com.br\/blog\/#organization\"},\"potentialAction\":[{\"@type\":\"SearchAction\",\"target\":{\"@type\":\"EntryPoint\",\"urlTemplate\":\"https:\/\/www.centraldemetais.com.br\/blog\/?s={search_term_string}\"},\"query-input\":{\"@type\":\"PropertyValueSpecification\",\"valueRequired\":true,\"valueName\":\"search_term_string\"}}],\"inLanguage\":\"pt-BR\"},{\"@type\":\"Organization\",\"@id\":\"https:\/\/www.centraldemetais.com.br\/blog\/#organization\",\"name\":\"Blog | Central de Metais\",\"url\":\"https:\/\/www.centraldemetais.com.br\/blog\/\",\"logo\":{\"@type\":\"ImageObject\",\"inLanguage\":\"pt-BR\",\"@id\":\"https:\/\/www.centraldemetais.com.br\/blog\/#\/schema\/logo\/image\/\",\"url\":\"https:\/\/www.centraldemetais.com.br\/blog\/wp-content\/uploads\/2024\/06\/logo-cliente.webp\",\"contentUrl\":\"https:\/\/www.centraldemetais.com.br\/blog\/wp-content\/uploads\/2024\/06\/logo-cliente.webp\",\"width\":400,\"height\":90,\"caption\":\"Blog | Central de Metais\"},\"image\":{\"@id\":\"https:\/\/www.centraldemetais.com.br\/blog\/#\/schema\/logo\/image\/\"}},{\"@type\":\"Person\",\"@id\":\"https:\/\/www.centraldemetais.com.br\/blog\/#\/schema\/person\/f0b7481d85434cd36da0ddae2e5bdc13\",\"name\":\"admin\",\"image\":{\"@type\":\"ImageObject\",\"inLanguage\":\"pt-BR\",\"@id\":\"https:\/\/www.centraldemetais.com.br\/blog\/#\/schema\/person\/image\/\",\"url\":\"https:\/\/secure.gravatar.com\/avatar\/ac9557ba9d4c9d6a13579e7d8e52971a8505c7a89c69d895adfa73374e3a77b3?s=96&d=mm&r=g\",\"contentUrl\":\"https:\/\/secure.gravatar.com\/avatar\/ac9557ba9d4c9d6a13579e7d8e52971a8505c7a89c69d895adfa73374e3a77b3?s=96&d=mm&r=g\",\"caption\":\"admin\"},\"sameAs\":[\"https:\/\/centraldemetais.com.br\/blog\"],\"url\":\"https:\/\/www.centraldemetais.com.br\/blog\/author\/admin\/\"}]}<\/script>\n<!-- \/ Yoast SEO plugin. -->","yoast_head_json":{"title":"Onde comprar chapa de alum\u00ednio em S\u00e3o Paulo com corte sob medida? Conhe\u00e7a a Central de Metais - Blog | Central de Metais","description":"Encontre chapa de alum\u00ednio em S\u00e3o Paulo com corte sob medida na Central de Metais. Consulte medidas, atendimento e op\u00e7\u00f5es para seu projeto","robots":{"index":"index","follow":"follow","max-snippet":"max-snippet:-1","max-image-preview":"max-image-preview:large","max-video-preview":"max-video-preview:-1"},"canonical":"https:\/\/www.centraldemetais.com.br\/blog\/onde-comprar-chapa-de-aluminio-em-sao-paulo-com-corte-sob-medida-conheca-a-central-de-metais\/","og_locale":"pt_BR","og_type":"article","og_title":"Onde comprar chapa de alum\u00ednio em S\u00e3o Paulo com corte sob medida? Conhe\u00e7a a Central de Metais - Blog | Central de Metais","og_description":"Encontre chapa de alum\u00ednio em S\u00e3o Paulo com corte sob medida na Central de Metais. Consulte medidas, atendimento e op\u00e7\u00f5es para seu projeto","og_url":"https:\/\/www.centraldemetais.com.br\/blog\/onde-comprar-chapa-de-aluminio-em-sao-paulo-com-corte-sob-medida-conheca-a-central-de-metais\/","og_site_name":"Blog | Central de Metais","article_published_time":"2026-09-01T12:34:32+00:00","article_modified_time":"2026-09-01T12:34:35+00:00","og_image":[{"width":1024,"height":683,"url":"https:\/\/www.centraldemetais.com.br\/blog\/wp-content\/uploads\/2026\/09\/ChatGPT-Image-1-de-set.-de-2026-09_33_08-1024x683.png","type":"image\/png"}],"author":"admin","twitter_card":"summary_large_image","twitter_misc":{"Escrito por":"admin","Est. tempo de leitura":"6 minutos"},"schema":{"@context":"https:\/\/schema.org","@graph":[{"@type":"Article","@id":"https:\/\/www.centraldemetais.com.br\/blog\/onde-comprar-chapa-de-aluminio-em-sao-paulo-com-corte-sob-medida-conheca-a-central-de-metais\/#article","isPartOf":{"@id":"https:\/\/www.centraldemetais.com.br\/blog\/onde-comprar-chapa-de-aluminio-em-sao-paulo-com-corte-sob-medida-conheca-a-central-de-metais\/"},"author":{"name":"admin","@id":"https:\/\/www.centraldemetais.com.br\/blog\/#\/schema\/person\/f0b7481d85434cd36da0ddae2e5bdc13"},"headline":"Onde comprar chapa de alum\u00ednio em S\u00e3o Paulo com corte sob medida? Conhe\u00e7a a Central de Metais","datePublished":"2026-09-01T12:34:32+00:00","dateModified":"2026-09-01T12:34:35+00:00","mainEntityOfPage":{"@id":"https:\/\/www.centraldemetais.com.br\/blog\/onde-comprar-chapa-de-aluminio-em-sao-paulo-com-corte-sob-medida-conheca-a-central-de-metais\/"},"wordCount":1149,"commentCount":0,"publisher":{"@id":"https:\/\/www.centraldemetais.com.br\/blog\/#organization"},"image":{"@id":"https:\/\/www.centraldemetais.com.br\/blog\/onde-comprar-chapa-de-aluminio-em-sao-paulo-com-corte-sob-medida-conheca-a-central-de-metais\/#primaryimage"},"thumbnailUrl":"https:\/\/www.centraldemetais.com.br\/blog\/wp-content\/uploads\/2026\/09\/ChatGPT-Image-1-de-set.-de-2026-09_33_08.png","keywords":["A chapa de alum\u00ednio pode ser entregue j\u00e1 cortada?","alum\u00ednio em s\u00e3o paulo","alum\u00ednio sob medida","Central de Metais","chapa de alum\u00ednio","chapa de alum\u00ednio cortada","chapa de alum\u00ednio em s\u00e3o paulo","chapa de alum\u00ednio sob medida","chapa de alum\u00ednio SP","chapas met\u00e1licas","Como escolher a espessura da chapa de alum\u00ednio?","Como escolher um fornecedor de chapa de alum\u00ednio?","Como funciona o corte de chapa de alum\u00ednio?","comprar alum\u00ednio SP","comprar chapa de alum\u00ednio em s\u00e3o paulo","corte de chapa de alum\u00ednio","corte de metais","corte de metais sob medida","distribuidor de alum\u00ednio em SP","\u00c9 poss\u00edvel comprar chapa de alum\u00ednio cortada?","\u00c9 poss\u00edvel comprar pequenas quantidades de alum\u00ednio?","fornecedor de alum\u00ednio S\u00e3o Paulo","fornecedor de chapa de alum\u00ednio","fornecedor de metais n\u00e3o ferrosos","metais n\u00e3o ferrosos","Onde comprar chapa de alum\u00ednio cortada sob medida?","Onde comprar chapa de alum\u00ednio em S\u00e3o Paulo?","Onde comprar chapa de alum\u00ednio no Cambuci?","Onde encontrar distribuidor de alum\u00ednio em S\u00e3o Paulo?","Onde encontrar fornecedor de alum\u00ednio em SP?","Quais espessuras de chapa de alum\u00ednio existem?","Qual chapa de alum\u00ednio escolher para meu projeto?","Quanto custa uma chapa de alum\u00ednio?","Vale a pena comprar chapa de alum\u00ednio sob medida?","venda de alum\u00ednio"],"articleSection":["Chapa de alum\u00ednio"],"inLanguage":"pt-BR","potentialAction":[{"@type":"CommentAction","name":"Comment","target":["https:\/\/www.centraldemetais.com.br\/blog\/onde-comprar-chapa-de-aluminio-em-sao-paulo-com-corte-sob-medida-conheca-a-central-de-metais\/#respond"]}]},{"@type":"WebPage","@id":"https:\/\/www.centraldemetais.com.br\/blog\/onde-comprar-chapa-de-aluminio-em-sao-paulo-com-corte-sob-medida-conheca-a-central-de-metais\/","url":"https:\/\/www.centraldemetais.com.br\/blog\/onde-comprar-chapa-de-aluminio-em-sao-paulo-com-corte-sob-medida-conheca-a-central-de-metais\/","name":"Onde comprar chapa de alum\u00ednio em S\u00e3o Paulo com corte sob medida? Conhe\u00e7a a Central de Metais - Blog | Central de Metais","isPartOf":{"@id":"https:\/\/www.centraldemetais.com.br\/blog\/#website"},"primaryImageOfPage":{"@id":"https:\/\/www.centraldemetais.com.br\/blog\/onde-comprar-chapa-de-aluminio-em-sao-paulo-com-corte-sob-medida-conheca-a-central-de-metais\/#primaryimage"},"image":{"@id":"https:\/\/www.centraldemetais.com.br\/blog\/onde-comprar-chapa-de-aluminio-em-sao-paulo-com-corte-sob-medida-conheca-a-central-de-metais\/#primaryimage"},"thumbnailUrl":"https:\/\/www.centraldemetais.com.br\/blog\/wp-content\/uploads\/2026\/09\/ChatGPT-Image-1-de-set.-de-2026-09_33_08.png","datePublished":"2026-09-01T12:34:32+00:00","dateModified":"2026-09-01T12:34:35+00:00","description":"Encontre chapa de alum\u00ednio em S\u00e3o Paulo com corte sob medida na Central de Metais. Consulte medidas, atendimento e op\u00e7\u00f5es para seu projeto","breadcrumb":{"@id":"https:\/\/www.centraldemetais.com.br\/blog\/onde-comprar-chapa-de-aluminio-em-sao-paulo-com-corte-sob-medida-conheca-a-central-de-metais\/#breadcrumb"},"inLanguage":"pt-BR","potentialAction":[{"@type":"ReadAction","target":["https:\/\/www.centraldemetais.com.br\/blog\/onde-comprar-chapa-de-aluminio-em-sao-paulo-com-corte-sob-medida-conheca-a-central-de-metais\/"]}]},{"@type":"ImageObject","inLanguage":"pt-BR","@id":"https:\/\/www.centraldemetais.com.br\/blog\/onde-comprar-chapa-de-aluminio-em-sao-paulo-com-corte-sob-medida-conheca-a-central-de-metais\/#primaryimage","url":"https:\/\/www.centraldemetais.com.br\/blog\/wp-content\/uploads\/2026\/09\/ChatGPT-Image-1-de-set.-de-2026-09_33_08.png","contentUrl":"https:\/\/www.centraldemetais.com.br\/blog\/wp-content\/uploads\/2026\/09\/ChatGPT-Image-1-de-set.-de-2026-09_33_08.png","width":1536,"height":1024,"caption":"Encontre chapa de alum\u00ednio em S\u00e3o Paulo com corte sob medida na Central de Metais. Consulte medidas, atendimento e op\u00e7\u00f5es para seu projeto"},{"@type":"BreadcrumbList","@id":"https:\/\/www.centraldemetais.com.br\/blog\/onde-comprar-chapa-de-aluminio-em-sao-paulo-com-corte-sob-medida-conheca-a-central-de-metais\/#breadcrumb","itemListElement":[{"@type":"ListItem","position":1,"name":"In\u00edcio","item":"https:\/\/www.centraldemetais.com.br\/blog\/"},{"@type":"ListItem","position":2,"name":"Onde comprar chapa de alum\u00ednio em S\u00e3o Paulo com corte sob medida? Conhe\u00e7a a Central de Metais"}]},{"@type":"WebSite","@id":"https:\/\/www.centraldemetais.com.br\/blog\/#website","url":"https:\/\/www.centraldemetais.com.br\/blog\/","name":"Blog | Central de Metais","description":"Central de Metais","publisher":{"@id":"https:\/\/www.centraldemetais.com.br\/blog\/#organization"},"potentialAction":[{"@type":"SearchAction","target":{"@type":"EntryPoint","urlTemplate":"https:\/\/www.centraldemetais.com.br\/blog\/?s={search_term_string}"},"query-input":{"@type":"PropertyValueSpecification","valueRequired":true,"valueName":"search_term_string"}}],"inLanguage":"pt-BR"},{"@type":"Organization","@id":"https:\/\/www.centraldemetais.com.br\/blog\/#organization","name":"Blog | Central de Metais","url":"https:\/\/www.centraldemetais.com.br\/blog\/","logo":{"@type":"ImageObject","inLanguage":"pt-BR","@id":"https:\/\/www.centraldemetais.com.br\/blog\/#\/schema\/logo\/image\/","url":"https:\/\/www.centraldemetais.com.br\/blog\/wp-content\/uploads\/2024\/06\/logo-cliente.webp","contentUrl":"https:\/\/www.centraldemetais.com.br\/blog\/wp-content\/uploads\/2024\/06\/logo-cliente.webp","width":400,"height":90,"caption":"Blog | Central de Metais"},"image":{"@id":"https:\/\/www.centraldemetais.com.br\/blog\/#\/schema\/logo\/image\/"}},{"@type":"Person","@id":"https:\/\/www.centraldemetais.com.br\/blog\/#\/schema\/person\/f0b7481d85434cd36da0ddae2e5bdc13","name":"admin","image":{"@type":"ImageObject","inLanguage":"pt-BR","@id":"https:\/\/www.centraldemetais.com.br\/blog\/#\/schema\/person\/image\/","url":"https:\/\/secure.gravatar.com\/avatar\/ac9557ba9d4c9d6a13579e7d8e52971a8505c7a89c69d895adfa73374e3a77b3?s=96&d=mm&r=g","contentUrl":"https:\/\/secure.gravatar.com\/avatar\/ac9557ba9d4c9d6a13579e7d8e52971a8505c7a89c69d895adfa73374e3a77b3?s=96&d=mm&r=g","caption":"admin"},"sameAs":["https:\/\/centraldemetais.com.br\/blog"],"url":"https:\/\/www.centraldemetais.com.br\/blog\/author\/admin\/"}]}},"_links":{"self":[{"href":"https:\/\/www.centraldemetais.com.br\/blog\/wp-json\/wp\/v2\/posts\/426","targetHints":{"allow":["GET"]}}],"collection":[{"href":"https:\/\/www.centraldemetais.com.br\/blog\/wp-json\/wp\/v2\/posts"}],"about":[{"href":"https:\/\/www.centraldemetais.com.br\/blog\/wp-json\/wp\/v2\/types\/post"}],"author":[{"embeddable":true,"href":"https:\/\/www.centraldemetais.com.br\/blog\/wp-json\/wp\/v2\/users\/1"}],"replies":[{"embeddable":true,"href":"https:\/\/www.centraldemetais.com.br\/blog\/wp-json\/wp\/v2\/comments?post=426"}],"version-history":[{"count":1,"href":"https:\/\/www.centraldemetais.com.br\/blog\/wp-json\/wp\/v2\/posts\/426\/revisions"}],"predecessor-version":[{"id":428,"href":"https:\/\/www.centraldemetais.com.br\/blog\/wp-json\/wp\/v2\/posts\/426\/revisions\/428"}],"wp:featuredmedia":[{"embeddable":true,"href":"https:\/\/www.centraldemetais.com.br\/blog\/wp-json\/wp\/v2\/media\/427"}],"wp:attachment":[{"href":"https:\/\/www.centraldemetais.com.br\/blog\/wp-json\/wp\/v2\/media?parent=426"}],"wp:term":[{"taxonomy":"category","embeddable":true,"href":"https:\/\/www.centraldemetais.com.br\/blog\/wp-json\/wp\/v2\/categories?post=426"},{"taxonomy":"post_tag","embeddable":true,"href":"https:\/\/www.centraldemetais.com.br\/blog\/wp-json\/wp\/v2\/tags?post=426"}],"curies":[{"name":"wp","href":"https:\/\/api.w.org\/{rel}","templated":true}]}}