{"id":423,"date":"2026-09-01T09:27:30","date_gmt":"2026-09-01T12:27:30","guid":{"rendered":"https:\/\/www.centraldemetais.com.br\/blog\/?p=423"},"modified":"2026-09-01T09:27:33","modified_gmt":"2026-09-01T12:27:33","slug":"onde-aplicar-cantoneiras-de-aluminio-em-obras-e-reformas","status":"publish","type":"post","link":"https:\/\/www.centraldemetais.com.br\/blog\/onde-aplicar-cantoneiras-de-aluminio-em-obras-e-reformas\/","title":{"rendered":"Onde aplicar cantoneiras de alum\u00ednio em obras e reformas?"},"content":{"rendered":"<span class=\"span-reading-time rt-reading-time\" style=\"display: block;\"><span class=\"rt-label rt-prefix\">Tempo de leitura: <\/span> <span class=\"rt-time\"> 3<\/span> <span class=\"rt-label rt-postfix\">minutos<\/span><\/span>\n<p class=\"has-medium-font-size\"><strong><em>Saiba onde aplicar cantoneiras de alum\u00ednio em obras e reformas, quais vantagens oferecem e como escolher o perfil adequado para cada projeto<\/em><\/strong><\/p>\n\n\n\n<p>As <strong><a href=\"https:\/\/centraldemetais.com.br\/perfis-especiais-de-aluminio\">cantoneiras de alum\u00ednio<\/a><\/strong> aparecem em diferentes <strong>tipos de obras e reformas<\/strong> porque conseguem reunir <strong>baixo peso, boa resist\u00eancia \u00e0 corros\u00e3o e facilidade de adapta\u00e7\u00e3o<\/strong> a projetos variados.<\/p>\n\n\n\n<p>Esse tipo de perfil pode ser <strong>utilizado tanto em acabamentos vis\u00edveis quanto na prote\u00e7\u00e3o de quinas, refor\u00e7o de determinadas estruturas, montagem de pain\u00e9is, m\u00f3veis, esquadrias e outros componentes.<\/strong><\/p>\n\n\n\n<p><strong>Medidas, espessura, acabamento e forma de instala\u00e7\u00e3o precisam estar alinhados ao uso previsto para que o resultado seja adequado.<\/strong><\/p>\n\n\n\n<p><a href=\"https:\/\/www.centraldemetais.com.br\/blog\/buchas-de-bronze-prontas-solucao-para-reposicao-urgente\/\">Buchas de bronze prontas: solu\u00e7\u00e3o para reposi\u00e7\u00e3o urgente<\/a><\/p>\n\n\n\n<div id=\"ez-toc-container\" class=\"ez-toc-v2_0_86 counter-hierarchy ez-toc-counter ez-toc-grey ez-toc-container-direction\">\n<div class=\"ez-toc-title-container\">\n<p class=\"ez-toc-title\" style=\"cursor:inherit\">T\u00f3picos do artigo<\/p>\n<span class=\"ez-toc-title-toggle\"><a href=\"#\" class=\"ez-toc-pull-right ez-toc-btn ez-toc-btn-xs ez-toc-btn-default ez-toc-toggle\" aria-label=\"Alternar tabela de conte\u00fado\"><span class=\"ez-toc-js-icon-con\"><span class=\"\"><span class=\"eztoc-hide\" style=\"display:none;\">Toggle<\/span><span class=\"ez-toc-icon-toggle-span\"><svg style=\"fill: #999;color:#999\" xmlns=\"http:\/\/www.w3.org\/2000\/svg\" class=\"list-377408\" width=\"20px\" height=\"20px\" viewBox=\"0 0 24 24\" fill=\"none\"><path d=\"M6 6H4v2h2V6zm14 0H8v2h12V6zM4 11h2v2H4v-2zm16 0H8v2h12v-2zM4 16h2v2H4v-2zm16 0H8v2h12v-2z\" fill=\"currentColor\"><\/path><\/svg><svg style=\"fill: #999;color:#999\" class=\"arrow-unsorted-368013\" xmlns=\"http:\/\/www.w3.org\/2000\/svg\" width=\"10px\" height=\"10px\" viewBox=\"0 0 24 24\" version=\"1.2\" baseProfile=\"tiny\"><path d=\"M18.2 9.3l-6.2-6.3-6.2 6.3c-.2.2-.3.4-.3.7s.1.5.3.7c.2.2.4.3.7.3h11c.3 0 .5-.1.7-.3.2-.2.3-.5.3-.7s-.1-.5-.3-.7zM5.8 14.7l6.2 6.3 6.2-6.3c.2-.2.3-.5.3-.7s-.1-.5-.3-.7c-.2-.2-.4-.3-.7-.3h-11c-.3 0-.5.1-.7.3-.2.2-.3.5-.3.7s.1.5.3.7z\"\/><\/svg><\/span><\/span><\/span><\/a><\/span><\/div>\n<nav><ul class='ez-toc-list ez-toc-list-level-1 ' ><li class='ez-toc-page-1 ez-toc-heading-level-2'><a class=\"ez-toc-link ez-toc-heading-1\" href=\"https:\/\/www.centraldemetais.com.br\/blog\/onde-aplicar-cantoneiras-de-aluminio-em-obras-e-reformas\/#Onde_aplicar_cantoneiras_de_aluminio_em_obras_e_reformas\" >Onde aplicar cantoneiras de alum\u00ednio em obras e reformas?<\/a><\/li><li class='ez-toc-page-1 ez-toc-heading-level-2'><a class=\"ez-toc-link ez-toc-heading-2\" href=\"https:\/\/www.centraldemetais.com.br\/blog\/onde-aplicar-cantoneiras-de-aluminio-em-obras-e-reformas\/#Como_escolher_a_cantoneira_de_aluminio_adequada\" >Como escolher a cantoneira de alum\u00ednio adequada?<\/a><\/li><li class='ez-toc-page-1 ez-toc-heading-level-2'><a class=\"ez-toc-link ez-toc-heading-3\" href=\"https:\/\/www.centraldemetais.com.br\/blog\/onde-aplicar-cantoneiras-de-aluminio-em-obras-e-reformas\/#Onde_encontrar_cantoneiras_de_aluminio\" >Onde encontrar cantoneiras de alum\u00ednio?<\/a><\/li><li class='ez-toc-page-1 ez-toc-heading-level-2'><a class=\"ez-toc-link ez-toc-heading-4\" href=\"https:\/\/www.centraldemetais.com.br\/blog\/onde-aplicar-cantoneiras-de-aluminio-em-obras-e-reformas\/#Precisa_de_cantoneiras_de_aluminio_para_sua_obra\" >Precisa de cantoneiras de alum\u00ednio para sua obra?<\/a><\/li><\/ul><\/nav><\/div>\n<h2 class=\"wp-block-heading\"><span class=\"ez-toc-section\" id=\"Onde_aplicar_cantoneiras_de_aluminio_em_obras_e_reformas\"><\/span><strong>Onde aplicar cantoneiras de alum\u00ednio em obras e reformas?<\/strong><span class=\"ez-toc-section-end\"><\/span><\/h2>\n\n\n\n<p>As <strong>aplica\u00e7\u00f5es da cantoneira de alum\u00ednio<\/strong> variam bastante, em uma mesma obra, <strong>o perfil pode aparecer em diferentes etapas<\/strong>, <strong>especialmente quando existe a necessidade de proteger bordas ou criar um acabamento mais uniforme<\/strong>.<\/p>\n\n\n\n<p><strong>Regi\u00f5es expostas a impactos, atritos e movimenta\u00e7\u00e3o constante<\/strong> podem sofrer desgaste ao longo do tempo, a instala\u00e7\u00e3o de uma <strong>cantoneira de alum\u00ednio para acabamento<\/strong> pode ajudar a <strong>proteger essas \u00e1reas<\/strong> e, ao mesmo tempo, <strong>criar uma finaliza\u00e7\u00e3o visual mais organizada<\/strong>.<\/p>\n\n\n\n<p>Em <strong>ambientes comerciais<\/strong>, <strong>escrit\u00f3rios e lojas<\/strong>, por exemplo, <strong>a cantoneira pode ser incorporada ao projeto para delimitar encontros entre materiais ou proteger extremidades<\/strong>.<\/p>\n\n\n\n<p>Em <strong>portas, janelas e esquadrias<\/strong>, o perfil pode ser utilizado em <strong>componentes de acabamento e montagem<\/strong>, desde que suas <strong>dimens\u00f5es e caracter\u00edsticas<\/strong> sejam compat\u00edveis com o sistema utilizado.<\/p>\n\n\n\n<p><strong>O alum\u00ednio pode aparecer nas extremidades de bancadas, prateleiras, pain\u00e9is e m\u00f3veis, criando prote\u00e7\u00e3o para as bordas e uma apar\u00eancia mais limpa.<\/strong><\/p>\n\n\n\n<p>Entre os usos encontrados em obras e reformas est\u00e3o:<\/p>\n\n\n\n<ul class=\"wp-block-list\">\n<li>prote\u00e7\u00e3o e acabamento de quinas;<\/li>\n\n\n\n<li>finaliza\u00e7\u00e3o de pain\u00e9is, paredes e divis\u00f3rias;<\/li>\n\n\n\n<li>bordas de bancadas e prateleiras;<\/li>\n\n\n\n<li>m\u00f3veis planejados e projetos de marcenaria;<\/li>\n\n\n\n<li>esquadrias e componentes de portas e janelas;<\/li>\n\n\n\n<li>instala\u00e7\u00f5es comerciais e expositores;<\/li>\n\n\n\n<li>revestimentos e encontros entre materiais;<\/li>\n\n\n\n<li>estruturas leves e projetos de serralheria.<\/li>\n<\/ul>\n\n\n\n<p>Tamb\u00e9m h\u00e1 espa\u00e7o para a <strong>cantoneira de alum\u00ednio para obras<\/strong> em <strong>reformas corporativas e residenciais<\/strong>. Quando h\u00e1 <strong>substitui\u00e7\u00e3o de revestimentos<\/strong>, <strong>instala\u00e7\u00e3o de novos pain\u00e9is ou mudan\u00e7a na disposi\u00e7\u00e3o de ambientes<\/strong>, o perfil pode ajudar a solucionar encontros entre materiais existentes e novos.<\/p>\n\n\n\n<h2 class=\"wp-block-heading\"><span class=\"ez-toc-section\" id=\"Como_escolher_a_cantoneira_de_aluminio_adequada\"><\/span><strong>Como escolher a cantoneira de alum\u00ednio adequada?<\/strong><span class=\"ez-toc-section-end\"><\/span><\/h2>\n\n\n\n<p><strong>Se a pe\u00e7a for utilizada apenas para acabamento<\/strong>, os crit\u00e9rios podem ser diferentes de uma aplica\u00e7\u00e3o em que o perfil estar\u00e1 sujeito a <strong>peso, impacto ou esfor\u00e7o mec\u00e2nico<\/strong>.<\/p>\n\n\n\n<p><strong>As dimens\u00f5es das abas<\/strong> s\u00e3o um dos primeiros pontos a verificar, elas precisam <strong>cobrir corretamente as superf\u00edcies que receber\u00e3o a cantoneira, sem criar excesso ou falta de material<\/strong>.<\/p>\n\n\n\n<p><strong>Perfis mais finos podem ser suficientes para determinados acabamentos<\/strong>, enquanto outras aplica\u00e7\u00f5es exigem maior rigidez.<\/p>\n\n\n\n<p>Antes da compra, vale observar:<\/p>\n\n\n\n<ul class=\"wp-block-list\">\n<li><strong>dimens\u00f5es das abas:<\/strong> devem ser compat\u00edveis com a \u00e1rea de instala\u00e7\u00e3o;<\/li>\n\n\n\n<li><strong>espessura:<\/strong> influ\u00eancia rigidez, peso e comportamento da pe\u00e7a;<\/li>\n\n\n\n<li><strong>comprimento:<\/strong> deve considerar as medidas reais do projeto;<\/li>\n\n\n\n<li><strong>tipo de aplica\u00e7\u00e3o:<\/strong> acabamento, prote\u00e7\u00e3o, uni\u00e3o ou estrutura;<\/li>\n\n\n\n<li><strong>ambiente:<\/strong> interno, externo ou sujeito a agentes espec\u00edficos;<\/li>\n\n\n\n<li><strong>acabamento desejado:<\/strong> especialmente quando o perfil ficar\u00e1 aparente;<\/li>\n\n\n\n<li><strong>carga e esfor\u00e7o:<\/strong> relevantes em aplica\u00e7\u00f5es estruturais ou de suporte;<\/li>\n\n\n\n<li><strong>necessidade de corte:<\/strong> pode facilitar a montagem e reduzir sobras.<\/li>\n<\/ul>\n\n\n\n<p>Para <strong>usos estruturais<\/strong>, o dimensionamento n\u00e3o deve ser feito apenas com base na apar\u00eancia ou na espessura visual do perfil.<\/p>\n\n\n\n<p><strong>Projetos sujeitos a esfor\u00e7os, cargas ou exig\u00eancias espec\u00edficas<\/strong> devem seguir crit\u00e9rios t\u00e9cnicos definidos por <strong>profissionais habilitados<\/strong>, <strong>considerando liga<\/strong>, <strong>geometria<\/strong>, <strong>m\u00e9todo de fixa\u00e7\u00e3o e condi\u00e7\u00f5es de uso<\/strong>.<\/p>\n\n\n\n<p><a href=\"https:\/\/www.centraldemetais.com.br\/blog\/onde-realizar-corte-de-metal-com-acabamento-de-qualidade\/\">Onde realizar corte de metal com acabamento de qualidade<\/a><\/p>\n\n\n\n<h2 class=\"wp-block-heading\"><span class=\"ez-toc-section\" id=\"Onde_encontrar_cantoneiras_de_aluminio\"><\/span><strong>Onde encontrar cantoneiras de alum\u00ednio?<\/strong><span class=\"ez-toc-section-end\"><\/span><\/h2>\n\n\n\n<p>As <strong>cantoneiras de alum\u00ednio<\/strong> podem aparecer em <strong>diversas situa\u00e7\u00f5es de uma obra ou reforma<\/strong>. <strong>Prote\u00e7\u00e3o de quinas, acabamento de bordas, montagem de pain\u00e9is, m\u00f3veis, bancadas, divis\u00f3rias, esquadrias e estruturas leves<\/strong> s\u00e3o alguns exemplos.<\/p>\n\n\n\n<p><strong>O formato em \u201cL\u201d <\/strong>torna o perfil especialmente interessante em encontros entre superf\u00edcies e locais que precisam de uma finaliza\u00e7\u00e3o mais organizada.<\/p>\n\n\n\n<p>A escolha, por\u00e9m, precisa considerar mais do que apenas o comprimento, <strong>largura das abas, espessura, ambiente, tipo de instala\u00e7\u00e3o e fun\u00e7\u00e3o da pe\u00e7a<\/strong> ajudam a determinar qual perfil atende melhor cada situa\u00e7\u00e3o.<\/p>\n\n\n\n<p>Quando existe necessidade de <strong>medidas espec\u00edficas<\/strong>, o corte sob medida pode <strong>simplificar o trabalho e reduzir desperd\u00edcios<\/strong>.<\/p>\n\n\n\n<p><a href=\"https:\/\/www.centraldemetais.com.br\/blog\/fluxo-para-solda-de-estanho-vale-o-investimento\/\">Fluxo para solda de estanho: vale o investimento?<\/a><\/p>\n\n\n\n<h2 class=\"wp-block-heading\"><span class=\"ez-toc-section\" id=\"Precisa_de_cantoneiras_de_aluminio_para_sua_obra\"><\/span><strong>Precisa de cantoneiras de alum\u00ednio para sua obra?<\/strong><span class=\"ez-toc-section-end\"><\/span><\/h2>\n\n\n\n<p>A <strong>Central de Metais<\/strong> <strong>comercializa alum\u00ednio e outros metais n\u00e3o ferrosos em diferentes formatos e medidas, al\u00e9m de oferecer corte conforme a necessidade do projeto.<\/strong><\/p>\n\n\n\n<p>Entre em contato com a equipe para consultar <strong>medidas dispon\u00edveis, op\u00e7\u00f5es de cantoneiras de alum\u00ednio e possibilidades de corte sob medida<\/strong>. O atendimento pode ser feito presencialmente, por telefone ou WhatsApp.<\/p>\n","protected":false},"excerpt":{"rendered":"<p><span class=\"span-reading-time rt-reading-time\" style=\"display: block;\"><span class=\"rt-label rt-prefix\">Tempo de leitura: <\/span> <span class=\"rt-time\"> 3<\/span> <span class=\"rt-label rt-postfix\">minutos<\/span><\/span>Saiba onde aplicar cantoneiras de alum\u00ednio em obras e reformas, quais vantagens oferecem e como escolher o perfil adequado para cada projeto As cantoneiras de alum\u00ednio aparecem em diferentes tipos de obras e reformas porque conseguem reunir baixo peso, boa resist\u00eancia \u00e0 corros\u00e3o e facilidade de adapta\u00e7\u00e3o a projetos variados. Esse tipo de perfil pode &hellip; <\/p>\n","protected":false},"author":1,"featured_media":424,"comment_status":"open","ping_status":"open","sticky":false,"template":"","format":"standard","meta":{"footnotes":""},"categories":[196],"tags":[3892,629,3898,3894,612,3888,3105,3887,3891,3899,3908,3912,3911,3904,3913,3893,3896,3897,3885,3890,418,3905,3909,707,951,3900,3906,3903,3901,3886,3895,3889,3910,3902,3907],"class_list":["post-423","post","type-post","status-publish","format-standard","has-post-thumbnail","hentry","category-cantoneira-de-aluminio","tag-acabamento-com-aluminio","tag-aluminio-para-construcao","tag-aluminio-para-reforma","tag-aplicacoes-da-cantoneira-de-aluminio","tag-cantoneira-de-aluminio","tag-cantoneira-de-aluminio-em-l","tag-cantoneira-de-aluminio-para-acabamento","tag-cantoneira-de-aluminio-para-obra","tag-cantoneira-de-aluminio-para-reforma","tag-cantoneira-de-aluminio-pode-ser-cortada-sob-medida","tag-cantoneira-de-aluminio-pode-ser-usada-em-acabamento","tag-cantoneira-de-aluminio-pode-ser-usada-em-area-externa","tag-cantoneira-de-aluminio-pode-ser-usada-em-moveis","tag-cantoneira-de-aluminio-pode-ser-usada-em-obra","tag-cantoneira-de-aluminio-serve-para-proteger-quinas","tag-cantoneira-para-acabamento","tag-cantoneira-para-quina","tag-cantoneira-sob-medida","tag-cantoneiras-de-aluminio","tag-cantoneiras-para-construcao","tag-central-de-metais","tag-como-escolher-cantoneira-de-aluminio","tag-como-usar-cantoneira-de-aluminio-em-reformas","tag-corte-de-aluminio","tag-metais-nao-ferrosos","tag-onde-aplicar-cantoneiras-de-aluminio","tag-onde-comprar-cantoneira-de-aluminio-2","tag-onde-usar-cantoneiras-de-aluminio","tag-para-que-servem-cantoneiras-de-aluminio","tag-perfil-cantoneira-de-aluminio","tag-perfil-de-aluminio","tag-perfil-de-aluminio-para-construcao","tag-quais-sao-as-aplicacoes-da-cantoneira-de-aluminio","tag-qual-a-funcao-da-cantoneira-de-aluminio","tag-qual-espessura-de-cantoneira-de-aluminio-escolher","latest_post"],"yoast_head":"<!-- This site is optimized with the Yoast SEO plugin v26.4 - https:\/\/yoast.com\/wordpress\/plugins\/seo\/ -->\n<title>Onde aplicar cantoneiras de alum\u00ednio em obras e reformas? - Blog | Central de Metais<\/title>\n<meta name=\"description\" content=\"Saiba onde aplicar cantoneiras de alum\u00ednio em obras e reformas, quais vantagens oferecem e como escolher o perfil adequado para cada projeto\" \/>\n<meta name=\"robots\" content=\"index, follow, max-snippet:-1, max-image-preview:large, max-video-preview:-1\" \/>\n<link rel=\"canonical\" href=\"https:\/\/www.centraldemetais.com.br\/blog\/onde-aplicar-cantoneiras-de-aluminio-em-obras-e-reformas\/\" \/>\n<meta property=\"og:locale\" content=\"pt_BR\" \/>\n<meta property=\"og:type\" content=\"article\" \/>\n<meta property=\"og:title\" content=\"Onde aplicar cantoneiras de alum\u00ednio em obras e reformas? - Blog | Central de Metais\" \/>\n<meta property=\"og:description\" content=\"Saiba onde aplicar cantoneiras de alum\u00ednio em obras e reformas, quais vantagens oferecem e como escolher o perfil adequado para cada projeto\" \/>\n<meta property=\"og:url\" content=\"https:\/\/www.centraldemetais.com.br\/blog\/onde-aplicar-cantoneiras-de-aluminio-em-obras-e-reformas\/\" \/>\n<meta property=\"og:site_name\" content=\"Blog | Central de Metais\" \/>\n<meta property=\"article:published_time\" content=\"2026-09-01T12:27:30+00:00\" \/>\n<meta property=\"article:modified_time\" content=\"2026-09-01T12:27:33+00:00\" \/>\n<meta property=\"og:image\" content=\"https:\/\/www.centraldemetais.com.br\/blog\/wp-content\/uploads\/2026\/09\/ChatGPT-Image-1-de-set.-de-2026-09_25_51-1024x683.png\" \/>\n\t<meta property=\"og:image:width\" content=\"1024\" \/>\n\t<meta property=\"og:image:height\" content=\"683\" \/>\n\t<meta property=\"og:image:type\" content=\"image\/png\" \/>\n<meta name=\"author\" content=\"admin\" \/>\n<meta name=\"twitter:card\" content=\"summary_large_image\" \/>\n<meta name=\"twitter:label1\" content=\"Escrito por\" \/>\n\t<meta name=\"twitter:data1\" content=\"admin\" \/>\n\t<meta name=\"twitter:label2\" content=\"Est. tempo de leitura\" \/>\n\t<meta name=\"twitter:data2\" content=\"5 minutos\" \/>\n<script type=\"application\/ld+json\" class=\"yoast-schema-graph\">{\"@context\":\"https:\/\/schema.org\",\"@graph\":[{\"@type\":\"Article\",\"@id\":\"https:\/\/www.centraldemetais.com.br\/blog\/onde-aplicar-cantoneiras-de-aluminio-em-obras-e-reformas\/#article\",\"isPartOf\":{\"@id\":\"https:\/\/www.centraldemetais.com.br\/blog\/onde-aplicar-cantoneiras-de-aluminio-em-obras-e-reformas\/\"},\"author\":{\"name\":\"admin\",\"@id\":\"https:\/\/www.centraldemetais.com.br\/blog\/#\/schema\/person\/f0b7481d85434cd36da0ddae2e5bdc13\"},\"headline\":\"Onde aplicar cantoneiras de alum\u00ednio em obras e reformas?\",\"datePublished\":\"2026-09-01T12:27:30+00:00\",\"dateModified\":\"2026-09-01T12:27:33+00:00\",\"mainEntityOfPage\":{\"@id\":\"https:\/\/www.centraldemetais.com.br\/blog\/onde-aplicar-cantoneiras-de-aluminio-em-obras-e-reformas\/\"},\"wordCount\":855,\"commentCount\":0,\"publisher\":{\"@id\":\"https:\/\/www.centraldemetais.com.br\/blog\/#organization\"},\"image\":{\"@id\":\"https:\/\/www.centraldemetais.com.br\/blog\/onde-aplicar-cantoneiras-de-aluminio-em-obras-e-reformas\/#primaryimage\"},\"thumbnailUrl\":\"https:\/\/www.centraldemetais.com.br\/blog\/wp-content\/uploads\/2026\/09\/ChatGPT-Image-1-de-set.-de-2026-09_25_51.png\",\"keywords\":[\"acabamento com alum\u00ednio\",\"alum\u00ednio para constru\u00e7\u00e3o\",\"alum\u00ednio para reforma\",\"aplica\u00e7\u00f5es da cantoneira de alum\u00ednio\",\"cantoneira de alum\u00ednio\",\"cantoneira de alum\u00ednio em L\",\"cantoneira de alum\u00ednio para acabamento\",\"cantoneira de alum\u00ednio para obra\",\"cantoneira de alum\u00ednio para reforma\",\"cantoneira de alum\u00ednio pode ser cortada sob medida?\",\"cantoneira de alum\u00ednio pode ser usada em acabamento?\",\"cantoneira de alum\u00ednio pode ser usada em \u00e1rea externa?\",\"cantoneira de alum\u00ednio pode ser usada em m\u00f3veis?\",\"cantoneira de alum\u00ednio pode ser usada em obra?\",\"cantoneira de alum\u00ednio serve para proteger quinas?\",\"cantoneira para acabamento\",\"cantoneira para quina\",\"cantoneira sob medida\",\"cantoneiras de alum\u00ednio\",\"cantoneiras para constru\u00e7\u00e3o\",\"Central de Metais\",\"como escolher cantoneira de alum\u00ednio?\",\"como usar cantoneira de alum\u00ednio em reformas?\",\"corte de alum\u00ednio\",\"metais n\u00e3o ferrosos\",\"onde aplicar cantoneiras de alum\u00ednio?\",\"onde comprar cantoneira de alum\u00ednio?\",\"onde usar cantoneiras de alum\u00ednio?\",\"para que servem cantoneiras de alum\u00ednio?\",\"perfil cantoneira de alum\u00ednio\",\"perfil de alum\u00ednio\",\"perfil de alum\u00ednio para constru\u00e7\u00e3o\",\"quais s\u00e3o as aplica\u00e7\u00f5es da cantoneira de alum\u00ednio?\",\"qual a fun\u00e7\u00e3o da cantoneira de alum\u00ednio?\",\"qual espessura de cantoneira de alum\u00ednio escolher?\"],\"articleSection\":[\"cantoneira de alum\u00ednio\"],\"inLanguage\":\"pt-BR\",\"potentialAction\":[{\"@type\":\"CommentAction\",\"name\":\"Comment\",\"target\":[\"https:\/\/www.centraldemetais.com.br\/blog\/onde-aplicar-cantoneiras-de-aluminio-em-obras-e-reformas\/#respond\"]}]},{\"@type\":\"WebPage\",\"@id\":\"https:\/\/www.centraldemetais.com.br\/blog\/onde-aplicar-cantoneiras-de-aluminio-em-obras-e-reformas\/\",\"url\":\"https:\/\/www.centraldemetais.com.br\/blog\/onde-aplicar-cantoneiras-de-aluminio-em-obras-e-reformas\/\",\"name\":\"Onde aplicar cantoneiras de alum\u00ednio em obras e reformas? - Blog | Central de Metais\",\"isPartOf\":{\"@id\":\"https:\/\/www.centraldemetais.com.br\/blog\/#website\"},\"primaryImageOfPage\":{\"@id\":\"https:\/\/www.centraldemetais.com.br\/blog\/onde-aplicar-cantoneiras-de-aluminio-em-obras-e-reformas\/#primaryimage\"},\"image\":{\"@id\":\"https:\/\/www.centraldemetais.com.br\/blog\/onde-aplicar-cantoneiras-de-aluminio-em-obras-e-reformas\/#primaryimage\"},\"thumbnailUrl\":\"https:\/\/www.centraldemetais.com.br\/blog\/wp-content\/uploads\/2026\/09\/ChatGPT-Image-1-de-set.-de-2026-09_25_51.png\",\"datePublished\":\"2026-09-01T12:27:30+00:00\",\"dateModified\":\"2026-09-01T12:27:33+00:00\",\"description\":\"Saiba onde aplicar cantoneiras de alum\u00ednio em obras e reformas, quais vantagens oferecem e como escolher o perfil adequado para cada projeto\",\"breadcrumb\":{\"@id\":\"https:\/\/www.centraldemetais.com.br\/blog\/onde-aplicar-cantoneiras-de-aluminio-em-obras-e-reformas\/#breadcrumb\"},\"inLanguage\":\"pt-BR\",\"potentialAction\":[{\"@type\":\"ReadAction\",\"target\":[\"https:\/\/www.centraldemetais.com.br\/blog\/onde-aplicar-cantoneiras-de-aluminio-em-obras-e-reformas\/\"]}]},{\"@type\":\"ImageObject\",\"inLanguage\":\"pt-BR\",\"@id\":\"https:\/\/www.centraldemetais.com.br\/blog\/onde-aplicar-cantoneiras-de-aluminio-em-obras-e-reformas\/#primaryimage\",\"url\":\"https:\/\/www.centraldemetais.com.br\/blog\/wp-content\/uploads\/2026\/09\/ChatGPT-Image-1-de-set.-de-2026-09_25_51.png\",\"contentUrl\":\"https:\/\/www.centraldemetais.com.br\/blog\/wp-content\/uploads\/2026\/09\/ChatGPT-Image-1-de-set.-de-2026-09_25_51.png\",\"width\":1536,\"height\":1024,\"caption\":\"Saiba onde aplicar cantoneiras de alum\u00ednio em obras e reformas, quais vantagens oferecem e como escolher o perfil adequado para cada projeto\"},{\"@type\":\"BreadcrumbList\",\"@id\":\"https:\/\/www.centraldemetais.com.br\/blog\/onde-aplicar-cantoneiras-de-aluminio-em-obras-e-reformas\/#breadcrumb\",\"itemListElement\":[{\"@type\":\"ListItem\",\"position\":1,\"name\":\"In\u00edcio\",\"item\":\"https:\/\/www.centraldemetais.com.br\/blog\/\"},{\"@type\":\"ListItem\",\"position\":2,\"name\":\"Onde aplicar cantoneiras de alum\u00ednio em obras e reformas?\"}]},{\"@type\":\"WebSite\",\"@id\":\"https:\/\/www.centraldemetais.com.br\/blog\/#website\",\"url\":\"https:\/\/www.centraldemetais.com.br\/blog\/\",\"name\":\"Blog | Central de Metais\",\"description\":\"Central de Metais\",\"publisher\":{\"@id\":\"https:\/\/www.centraldemetais.com.br\/blog\/#organization\"},\"potentialAction\":[{\"@type\":\"SearchAction\",\"target\":{\"@type\":\"EntryPoint\",\"urlTemplate\":\"https:\/\/www.centraldemetais.com.br\/blog\/?s={search_term_string}\"},\"query-input\":{\"@type\":\"PropertyValueSpecification\",\"valueRequired\":true,\"valueName\":\"search_term_string\"}}],\"inLanguage\":\"pt-BR\"},{\"@type\":\"Organization\",\"@id\":\"https:\/\/www.centraldemetais.com.br\/blog\/#organization\",\"name\":\"Blog | Central de Metais\",\"url\":\"https:\/\/www.centraldemetais.com.br\/blog\/\",\"logo\":{\"@type\":\"ImageObject\",\"inLanguage\":\"pt-BR\",\"@id\":\"https:\/\/www.centraldemetais.com.br\/blog\/#\/schema\/logo\/image\/\",\"url\":\"https:\/\/www.centraldemetais.com.br\/blog\/wp-content\/uploads\/2024\/06\/logo-cliente.webp\",\"contentUrl\":\"https:\/\/www.centraldemetais.com.br\/blog\/wp-content\/uploads\/2024\/06\/logo-cliente.webp\",\"width\":400,\"height\":90,\"caption\":\"Blog | Central de Metais\"},\"image\":{\"@id\":\"https:\/\/www.centraldemetais.com.br\/blog\/#\/schema\/logo\/image\/\"}},{\"@type\":\"Person\",\"@id\":\"https:\/\/www.centraldemetais.com.br\/blog\/#\/schema\/person\/f0b7481d85434cd36da0ddae2e5bdc13\",\"name\":\"admin\",\"image\":{\"@type\":\"ImageObject\",\"inLanguage\":\"pt-BR\",\"@id\":\"https:\/\/www.centraldemetais.com.br\/blog\/#\/schema\/person\/image\/\",\"url\":\"https:\/\/secure.gravatar.com\/avatar\/ac9557ba9d4c9d6a13579e7d8e52971a8505c7a89c69d895adfa73374e3a77b3?s=96&d=mm&r=g\",\"contentUrl\":\"https:\/\/secure.gravatar.com\/avatar\/ac9557ba9d4c9d6a13579e7d8e52971a8505c7a89c69d895adfa73374e3a77b3?s=96&d=mm&r=g\",\"caption\":\"admin\"},\"sameAs\":[\"https:\/\/centraldemetais.com.br\/blog\"],\"url\":\"https:\/\/www.centraldemetais.com.br\/blog\/author\/admin\/\"}]}<\/script>\n<!-- \/ Yoast SEO plugin. -->","yoast_head_json":{"title":"Onde aplicar cantoneiras de alum\u00ednio em obras e reformas? - Blog | Central de Metais","description":"Saiba onde aplicar cantoneiras de alum\u00ednio em obras e reformas, quais vantagens oferecem e como escolher o perfil adequado para cada projeto","robots":{"index":"index","follow":"follow","max-snippet":"max-snippet:-1","max-image-preview":"max-image-preview:large","max-video-preview":"max-video-preview:-1"},"canonical":"https:\/\/www.centraldemetais.com.br\/blog\/onde-aplicar-cantoneiras-de-aluminio-em-obras-e-reformas\/","og_locale":"pt_BR","og_type":"article","og_title":"Onde aplicar cantoneiras de alum\u00ednio em obras e reformas? - Blog | Central de Metais","og_description":"Saiba onde aplicar cantoneiras de alum\u00ednio em obras e reformas, quais vantagens oferecem e como escolher o perfil adequado para cada projeto","og_url":"https:\/\/www.centraldemetais.com.br\/blog\/onde-aplicar-cantoneiras-de-aluminio-em-obras-e-reformas\/","og_site_name":"Blog | Central de Metais","article_published_time":"2026-09-01T12:27:30+00:00","article_modified_time":"2026-09-01T12:27:33+00:00","og_image":[{"width":1024,"height":683,"url":"https:\/\/www.centraldemetais.com.br\/blog\/wp-content\/uploads\/2026\/09\/ChatGPT-Image-1-de-set.-de-2026-09_25_51-1024x683.png","type":"image\/png"}],"author":"admin","twitter_card":"summary_large_image","twitter_misc":{"Escrito por":"admin","Est. tempo de leitura":"5 minutos"},"schema":{"@context":"https:\/\/schema.org","@graph":[{"@type":"Article","@id":"https:\/\/www.centraldemetais.com.br\/blog\/onde-aplicar-cantoneiras-de-aluminio-em-obras-e-reformas\/#article","isPartOf":{"@id":"https:\/\/www.centraldemetais.com.br\/blog\/onde-aplicar-cantoneiras-de-aluminio-em-obras-e-reformas\/"},"author":{"name":"admin","@id":"https:\/\/www.centraldemetais.com.br\/blog\/#\/schema\/person\/f0b7481d85434cd36da0ddae2e5bdc13"},"headline":"Onde aplicar cantoneiras de alum\u00ednio em obras e reformas?","datePublished":"2026-09-01T12:27:30+00:00","dateModified":"2026-09-01T12:27:33+00:00","mainEntityOfPage":{"@id":"https:\/\/www.centraldemetais.com.br\/blog\/onde-aplicar-cantoneiras-de-aluminio-em-obras-e-reformas\/"},"wordCount":855,"commentCount":0,"publisher":{"@id":"https:\/\/www.centraldemetais.com.br\/blog\/#organization"},"image":{"@id":"https:\/\/www.centraldemetais.com.br\/blog\/onde-aplicar-cantoneiras-de-aluminio-em-obras-e-reformas\/#primaryimage"},"thumbnailUrl":"https:\/\/www.centraldemetais.com.br\/blog\/wp-content\/uploads\/2026\/09\/ChatGPT-Image-1-de-set.-de-2026-09_25_51.png","keywords":["acabamento com alum\u00ednio","alum\u00ednio para constru\u00e7\u00e3o","alum\u00ednio para reforma","aplica\u00e7\u00f5es da cantoneira de alum\u00ednio","cantoneira de alum\u00ednio","cantoneira de alum\u00ednio em L","cantoneira de alum\u00ednio para acabamento","cantoneira de alum\u00ednio para obra","cantoneira de alum\u00ednio para reforma","cantoneira de alum\u00ednio pode ser cortada sob medida?","cantoneira de alum\u00ednio pode ser usada em acabamento?","cantoneira de alum\u00ednio pode ser usada em \u00e1rea externa?","cantoneira de alum\u00ednio pode ser usada em m\u00f3veis?","cantoneira de alum\u00ednio pode ser usada em obra?","cantoneira de alum\u00ednio serve para proteger quinas?","cantoneira para acabamento","cantoneira para quina","cantoneira sob medida","cantoneiras de alum\u00ednio","cantoneiras para constru\u00e7\u00e3o","Central de Metais","como escolher cantoneira de alum\u00ednio?","como usar cantoneira de alum\u00ednio em reformas?","corte de alum\u00ednio","metais n\u00e3o ferrosos","onde aplicar cantoneiras de alum\u00ednio?","onde comprar cantoneira de alum\u00ednio?","onde usar cantoneiras de alum\u00ednio?","para que servem cantoneiras de alum\u00ednio?","perfil cantoneira de alum\u00ednio","perfil de alum\u00ednio","perfil de alum\u00ednio para constru\u00e7\u00e3o","quais s\u00e3o as aplica\u00e7\u00f5es da cantoneira de alum\u00ednio?","qual a fun\u00e7\u00e3o da cantoneira de alum\u00ednio?","qual espessura de cantoneira de alum\u00ednio escolher?"],"articleSection":["cantoneira de alum\u00ednio"],"inLanguage":"pt-BR","potentialAction":[{"@type":"CommentAction","name":"Comment","target":["https:\/\/www.centraldemetais.com.br\/blog\/onde-aplicar-cantoneiras-de-aluminio-em-obras-e-reformas\/#respond"]}]},{"@type":"WebPage","@id":"https:\/\/www.centraldemetais.com.br\/blog\/onde-aplicar-cantoneiras-de-aluminio-em-obras-e-reformas\/","url":"https:\/\/www.centraldemetais.com.br\/blog\/onde-aplicar-cantoneiras-de-aluminio-em-obras-e-reformas\/","name":"Onde aplicar cantoneiras de alum\u00ednio em obras e reformas? - Blog | Central de Metais","isPartOf":{"@id":"https:\/\/www.centraldemetais.com.br\/blog\/#website"},"primaryImageOfPage":{"@id":"https:\/\/www.centraldemetais.com.br\/blog\/onde-aplicar-cantoneiras-de-aluminio-em-obras-e-reformas\/#primaryimage"},"image":{"@id":"https:\/\/www.centraldemetais.com.br\/blog\/onde-aplicar-cantoneiras-de-aluminio-em-obras-e-reformas\/#primaryimage"},"thumbnailUrl":"https:\/\/www.centraldemetais.com.br\/blog\/wp-content\/uploads\/2026\/09\/ChatGPT-Image-1-de-set.-de-2026-09_25_51.png","datePublished":"2026-09-01T12:27:30+00:00","dateModified":"2026-09-01T12:27:33+00:00","description":"Saiba onde aplicar cantoneiras de alum\u00ednio em obras e reformas, quais vantagens oferecem e como escolher o perfil adequado para cada projeto","breadcrumb":{"@id":"https:\/\/www.centraldemetais.com.br\/blog\/onde-aplicar-cantoneiras-de-aluminio-em-obras-e-reformas\/#breadcrumb"},"inLanguage":"pt-BR","potentialAction":[{"@type":"ReadAction","target":["https:\/\/www.centraldemetais.com.br\/blog\/onde-aplicar-cantoneiras-de-aluminio-em-obras-e-reformas\/"]}]},{"@type":"ImageObject","inLanguage":"pt-BR","@id":"https:\/\/www.centraldemetais.com.br\/blog\/onde-aplicar-cantoneiras-de-aluminio-em-obras-e-reformas\/#primaryimage","url":"https:\/\/www.centraldemetais.com.br\/blog\/wp-content\/uploads\/2026\/09\/ChatGPT-Image-1-de-set.-de-2026-09_25_51.png","contentUrl":"https:\/\/www.centraldemetais.com.br\/blog\/wp-content\/uploads\/2026\/09\/ChatGPT-Image-1-de-set.-de-2026-09_25_51.png","width":1536,"height":1024,"caption":"Saiba onde aplicar cantoneiras de alum\u00ednio em obras e reformas, quais vantagens oferecem e como escolher o perfil adequado para cada projeto"},{"@type":"BreadcrumbList","@id":"https:\/\/www.centraldemetais.com.br\/blog\/onde-aplicar-cantoneiras-de-aluminio-em-obras-e-reformas\/#breadcrumb","itemListElement":[{"@type":"ListItem","position":1,"name":"In\u00edcio","item":"https:\/\/www.centraldemetais.com.br\/blog\/"},{"@type":"ListItem","position":2,"name":"Onde aplicar cantoneiras de alum\u00ednio em obras e reformas?"}]},{"@type":"WebSite","@id":"https:\/\/www.centraldemetais.com.br\/blog\/#website","url":"https:\/\/www.centraldemetais.com.br\/blog\/","name":"Blog | Central de Metais","description":"Central de Metais","publisher":{"@id":"https:\/\/www.centraldemetais.com.br\/blog\/#organization"},"potentialAction":[{"@type":"SearchAction","target":{"@type":"EntryPoint","urlTemplate":"https:\/\/www.centraldemetais.com.br\/blog\/?s={search_term_string}"},"query-input":{"@type":"PropertyValueSpecification","valueRequired":true,"valueName":"search_term_string"}}],"inLanguage":"pt-BR"},{"@type":"Organization","@id":"https:\/\/www.centraldemetais.com.br\/blog\/#organization","name":"Blog | Central de Metais","url":"https:\/\/www.centraldemetais.com.br\/blog\/","logo":{"@type":"ImageObject","inLanguage":"pt-BR","@id":"https:\/\/www.centraldemetais.com.br\/blog\/#\/schema\/logo\/image\/","url":"https:\/\/www.centraldemetais.com.br\/blog\/wp-content\/uploads\/2024\/06\/logo-cliente.webp","contentUrl":"https:\/\/www.centraldemetais.com.br\/blog\/wp-content\/uploads\/2024\/06\/logo-cliente.webp","width":400,"height":90,"caption":"Blog | Central de Metais"},"image":{"@id":"https:\/\/www.centraldemetais.com.br\/blog\/#\/schema\/logo\/image\/"}},{"@type":"Person","@id":"https:\/\/www.centraldemetais.com.br\/blog\/#\/schema\/person\/f0b7481d85434cd36da0ddae2e5bdc13","name":"admin","image":{"@type":"ImageObject","inLanguage":"pt-BR","@id":"https:\/\/www.centraldemetais.com.br\/blog\/#\/schema\/person\/image\/","url":"https:\/\/secure.gravatar.com\/avatar\/ac9557ba9d4c9d6a13579e7d8e52971a8505c7a89c69d895adfa73374e3a77b3?s=96&d=mm&r=g","contentUrl":"https:\/\/secure.gravatar.com\/avatar\/ac9557ba9d4c9d6a13579e7d8e52971a8505c7a89c69d895adfa73374e3a77b3?s=96&d=mm&r=g","caption":"admin"},"sameAs":["https:\/\/centraldemetais.com.br\/blog"],"url":"https:\/\/www.centraldemetais.com.br\/blog\/author\/admin\/"}]}},"_links":{"self":[{"href":"https:\/\/www.centraldemetais.com.br\/blog\/wp-json\/wp\/v2\/posts\/423","targetHints":{"allow":["GET"]}}],"collection":[{"href":"https:\/\/www.centraldemetais.com.br\/blog\/wp-json\/wp\/v2\/posts"}],"about":[{"href":"https:\/\/www.centraldemetais.com.br\/blog\/wp-json\/wp\/v2\/types\/post"}],"author":[{"embeddable":true,"href":"https:\/\/www.centraldemetais.com.br\/blog\/wp-json\/wp\/v2\/users\/1"}],"replies":[{"embeddable":true,"href":"https:\/\/www.centraldemetais.com.br\/blog\/wp-json\/wp\/v2\/comments?post=423"}],"version-history":[{"count":1,"href":"https:\/\/www.centraldemetais.com.br\/blog\/wp-json\/wp\/v2\/posts\/423\/revisions"}],"predecessor-version":[{"id":425,"href":"https:\/\/www.centraldemetais.com.br\/blog\/wp-json\/wp\/v2\/posts\/423\/revisions\/425"}],"wp:featuredmedia":[{"embeddable":true,"href":"https:\/\/www.centraldemetais.com.br\/blog\/wp-json\/wp\/v2\/media\/424"}],"wp:attachment":[{"href":"https:\/\/www.centraldemetais.com.br\/blog\/wp-json\/wp\/v2\/media?parent=423"}],"wp:term":[{"taxonomy":"category","embeddable":true,"href":"https:\/\/www.centraldemetais.com.br\/blog\/wp-json\/wp\/v2\/categories?post=423"},{"taxonomy":"post_tag","embeddable":true,"href":"https:\/\/www.centraldemetais.com.br\/blog\/wp-json\/wp\/v2\/tags?post=423"}],"curies":[{"name":"wp","href":"https:\/\/api.w.org\/{rel}","templated":true}]}}